{"id":1412,"date":"2013-08-21T18:32:14","date_gmt":"2013-08-21T18:32:14","guid":{"rendered":"http:\/\/paslongtemps.net\/blog\/2013\/08\/21\/gorin-sur-le-style-council-paul-weller-plus\/"},"modified":"2020-04-05T17:29:38","modified_gmt":"2020-04-05T15:29:38","slug":"gorin-sur-le-style-council-paul-weller-plus","status":"publish","type":"post","link":"https:\/\/paslongtemps.net\/blog\/2013\/08\/21\/gorin-sur-le-style-council-paul-weller-plus\/","title":{"rendered":""},"content":{"rendered":"<p><strong>Gorin sur le Style Council :<\/strong><\/p>\n<p><em>Paul Weller, plus malin que la moyenne de la g\u00e9n\u00e9ration 76-77, a su arr\u00eater The Jam au bon moment. Son trio avait fait le tour de la question n\u00e9o-mod-punk-wave en six ans, six albums et pas un seul rat\u00e9. Il \u00e9tait temps de ranger les Vespas au garage, les pulls mohair commen\u00e7aient \u00e0 pelucher. En 1983, de sa t\u00eate r\u00e9put\u00e9e dure jaillit un concept, l&#8217;id\u00e9e d&#8217;un club. O\u00f9 sa musique allait prendre un peu ses aises, laisser voguer son go\u00fbt de la soul et du chic. <\/em><\/p>\n<p><a href=\"http:\/\/www.telerama.fr\/musique\/the-style-council-1-un-cafe-en-terrasse-a-l-heure-bleue,101139.php#xtor=RSS-28\">The Style Council (1), un caf\u00e9 en terrasse \u00e0 l\u2019heure bleue<br \/><\/a><a href=\"http:\/\/www.telerama.fr\/musique\/the-style-council-2-quand-weller-laisse-tomber-le-chic-et-l-arrogance,101145.php#xtor=RSS-28\">The Style Council (2), quand Weller laisse tomber le chic et l&#8217;arrogance<br \/><\/a><a href=\"http:\/\/www.telerama.fr\/musique\/the-style-council-3-up-le-tempo-down-la-deprime,101171.php\">The Style Council (3), up le tempo, down la d\u00e9prime<\/a><\/p>\n<p><strong>Bonus vintage 2005 :<\/strong> <a href=\"http:\/\/www.blogotheque.net\/2005\/01\/12\/style-council\/\">Style Council sur La Blogoth\u00e8que<\/a> par un auteur rang\u00e9 des scooters mod.<\/p>\n<div class=\"attribution\">(<span>Source:<\/span> <a href=\"https:\/\/www.youtube.com\/\">https:\/\/www.youtube.com\/<\/a>)<\/div>\n","protected":false},"excerpt":{"rendered":"<p>Gorin sur le Style Council : Paul Weller, plus malin que la moyenne de la g\u00e9n\u00e9ration 76-77, a su arr\u00eater The Jam au bon moment. Son trio avait fait le tour de la question n\u00e9o-mod-punk-wave en six ans, six albums et pas un seul rat\u00e9. Il \u00e9tait temps de ranger les Vespas au garage, les [&hellip;]<\/p>\n","protected":false},"author":1,"featured_media":0,"comment_status":"open","ping_status":"open","sticky":false,"template":"","format":"video","meta":{"footnotes":""},"categories":[1],"tags":[],"class_list":["post-1412","post","type-post","status-publish","format-video","hentry","category-uncategorized","post_format-post-format-video"],"_links":{"self":[{"href":"https:\/\/paslongtemps.net\/blog\/wp-json\/wp\/v2\/posts\/1412","targetHints":{"allow":["GET"]}}],"collection":[{"href":"https:\/\/paslongtemps.net\/blog\/wp-json\/wp\/v2\/posts"}],"about":[{"href":"https:\/\/paslongtemps.net\/blog\/wp-json\/wp\/v2\/types\/post"}],"author":[{"embeddable":true,"href":"https:\/\/paslongtemps.net\/blog\/wp-json\/wp\/v2\/users\/1"}],"replies":[{"embeddable":true,"href":"https:\/\/paslongtemps.net\/blog\/wp-json\/wp\/v2\/comments?post=1412"}],"version-history":[{"count":1,"href":"https:\/\/paslongtemps.net\/blog\/wp-json\/wp\/v2\/posts\/1412\/revisions"}],"predecessor-version":[{"id":1413,"href":"https:\/\/paslongtemps.net\/blog\/wp-json\/wp\/v2\/posts\/1412\/revisions\/1413"}],"wp:attachment":[{"href":"https:\/\/paslongtemps.net\/blog\/wp-json\/wp\/v2\/media?parent=1412"}],"wp:term":[{"taxonomy":"category","embeddable":true,"href":"https:\/\/paslongtemps.net\/blog\/wp-json\/wp\/v2\/categories?post=1412"},{"taxonomy":"post_tag","embeddable":true,"href":"https:\/\/paslongtemps.net\/blog\/wp-json\/wp\/v2\/tags?post=1412"}],"curies":[{"name":"wp","href":"https:\/\/api.w.org\/{rel}","templated":true}]}}